{"id":1533,"date":"2024-01-29T23:00:32","date_gmt":"2024-01-29T21:00:32","guid":{"rendered":"https:\/\/restgeraeusche.de\/?p=1533"},"modified":"2024-01-29T23:00:32","modified_gmt":"2024-01-29T21:00:32","slug":"rest-geraeusche-19-05-februar-2024-22-24-uhr-2-versuch","status":"publish","type":"post","link":"https:\/\/restgeraeusche.de\/?p=1533","title":{"rendered":"rest\/ger\u00e4usche 19 &#8211; 05. Februar 2024 (22-24 Uhr) &#8211; 2. Versuch"},"content":{"rendered":"<p style=\"text-align: justify;\"><span style=\"font-size: 10pt; font-family: arial, helvetica, sans-serif;\"><img loading=\"lazy\" decoding=\"async\" class=\"size-medium wp-image-1501 alignleft\" src=\"https:\/\/restgeraeusche.de\/wp-content\/uploads\/2023\/12\/magazine-1-300x300.jpg\" alt=\"\" width=\"300\" height=\"300\" srcset=\"https:\/\/restgeraeusche.de\/wp-content\/uploads\/2023\/12\/magazine-1-300x300.jpg 300w, https:\/\/restgeraeusche.de\/wp-content\/uploads\/2023\/12\/magazine-1-150x150.jpg 150w, https:\/\/restgeraeusche.de\/wp-content\/uploads\/2023\/12\/magazine-1.jpg 599w\" sizes=\"auto, (max-width: 300px) 100vw, 300px\" \/>Eigentlich sollte diese Sendung im Dezember letzten Jahres ausgestrahlt werden, aber ein Krankenhausaufenthalt machte leider einen Strich durch die Rechnung (<a href=\"https:\/\/restgeraeusche.de\/?p=1514\" target=\"_blank\" rel=\"noopener\">ich berichtete<\/a>). Da gute Musik zum Gl\u00fcck kein Verfallsdatum hat ist es nun soweit, die neunzehnte Ausgabe der Sendung rest\/ger\u00e4usche geht am 05. Februar ab 22 Uhr endlich \u00bbOn Air\u00ab. Diesmal mit einem ausf\u00fchrlichen Blick auf das im M\u00e4rz 2022 erschienene Album \u00bbMagazine 1\u00ab von Wolfgang Fl\u00fcr. Fl\u00fcr, \u00bbKraftwerk\u00ab-Mitglied von 1973 bis 1987, hat in Kooperation u.a. mit Carl Cox, \u00bbU96\u00ab und Midge Ure (\u00bbUltravox\u00ab) ein mehr als nur gef\u00e4lliges Electropop-Album ver\u00f6ffentlicht. Auch wenn ich eine kleine Kritik zu vermelden haben werde. Mehr dazu dann in der Sendung. \u00bbInterstellar Funk\u00ab ist ein zweiter Schwerpunkt der Sendung. Ihr h\u00f6rt einen Livemitschnitt von 2021 aus dem \u00bbMuziekgebouw\u00ab in Amsterdam. Ganz authentisch von MusiCassette. Und zwischendurch wird es sogar richtig tanzbar. F\u00fcr alle also etwas dabei. Schnappt euch ein Empfangsger\u00e4t eurer Wahl und genie\u00dft die Kl\u00e4nge.<br \/>\n<\/span><\/p>\n<div class=\"shariff shariff-align-left shariff-widget-align-left\" data-services=\"facebook\" data-url=\"https:\/\/restgeraeusche.de\/?p=1533\" data-timestamp=\"1706569232\" data-hidezero=\"1\" data-backendurl=\"?rest_route=\/shariff\/v1\/share_counts&\"><ul class=\"shariff-buttons theme-round orientation-horizontal buttonsize-medium\"><li class=\"shariff-button facebook shariff-nocustomcolor\" style=\"background-color:#4273c8\"><a href=\"https:\/\/www.facebook.com\/sharer\/sharer.php?u=https%3A%2F%2Frestgeraeusche.de%2F%3Fp%3D1533\" title=\"Bei Facebook teilen\" aria-label=\"Bei Facebook teilen\" role=\"button\" rel=\"nofollow\" class=\"shariff-link\" style=\"; background-color:#3b5998; color:#fff\" target=\"_blank\"><span class=\"shariff-icon\" style=\"\"><svg width=\"32px\" height=\"20px\" xmlns=\"http:\/\/www.w3.org\/2000\/svg\" viewBox=\"0 0 18 32\"><path fill=\"#3b5998\" d=\"M17.1 0.2v4.7h-2.8q-1.5 0-2.1 0.6t-0.5 1.9v3.4h5.2l-0.7 5.3h-4.5v13.6h-5.5v-13.6h-4.5v-5.3h4.5v-3.9q0-3.3 1.9-5.2t5-1.8q2.6 0 4.1 0.2z\"\/><\/svg><\/span><span data-service=\"facebook\" style=\"color:#3b5998\" class=\"shariff-count shariff-hidezero\"><\/span>&nbsp;<\/a><\/li><li class=\"shariff-button twitter shariff-nocustomcolor\" style=\"background-color:#595959\"><a href=\"https:\/\/twitter.com\/share?url=https%3A%2F%2Frestgeraeusche.de%2F%3Fp%3D1533&text=rest%2Fger%C3%A4usche%2019%20%E2%80%93%2005.%20Februar%202024%20%2822-24%20Uhr%29%20%E2%80%93%202.%20Versuch\" title=\"Bei X teilen\" aria-label=\"Bei X teilen\" role=\"button\" rel=\"noopener nofollow\" class=\"shariff-link\" style=\"; background-color:#000; color:#fff\" target=\"_blank\"><span class=\"shariff-icon\" style=\"\"><svg width=\"32px\" height=\"20px\" xmlns=\"http:\/\/www.w3.org\/2000\/svg\" viewBox=\"0 0 24 24\"><path fill=\"#000\" d=\"M14.258 10.152L23.176 0h-2.113l-7.747 8.813L7.133 0H0l9.352 13.328L0 23.973h2.113l8.176-9.309 6.531 9.309h7.133zm-2.895 3.293l-.949-1.328L2.875 1.56h3.246l6.086 8.523.945 1.328 7.91 11.078h-3.246zm0 0\"\/><\/svg><\/span><\/a><\/li><li class=\"shariff-button info shariff-nocustomcolor\" style=\"background-color:#eee\"><a href=\"http:\/\/ct.de\/-2467514\" title=\"Weitere Informationen\" aria-label=\"Weitere Informationen\" role=\"button\" rel=\"noopener \" class=\"shariff-link\" style=\"; background-color:#fff; color:#fff\" target=\"_blank\"><span class=\"shariff-icon\" style=\"\"><svg width=\"32px\" height=\"20px\" xmlns=\"http:\/\/www.w3.org\/2000\/svg\" viewBox=\"0 0 11 32\"><path fill=\"#999\" d=\"M11.4 24v2.3q0 0.5-0.3 0.8t-0.8 0.4h-9.1q-0.5 0-0.8-0.4t-0.4-0.8v-2.3q0-0.5 0.4-0.8t0.8-0.4h1.1v-6.8h-1.1q-0.5 0-0.8-0.4t-0.4-0.8v-2.3q0-0.5 0.4-0.8t0.8-0.4h6.8q0.5 0 0.8 0.4t0.4 0.8v10.3h1.1q0.5 0 0.8 0.4t0.3 0.8zM9.2 3.4v3.4q0 0.5-0.4 0.8t-0.8 0.4h-4.6q-0.4 0-0.8-0.4t-0.4-0.8v-3.4q0-0.4 0.4-0.8t0.8-0.4h4.6q0.5 0 0.8 0.4t0.4 0.8z\"\/><\/svg><\/span><\/a><\/li><\/ul><\/div>","protected":false},"excerpt":{"rendered":"<p>Eigentlich sollte diese Sendung im Dezember letzten Jahres ausgestrahlt werden, aber ein Krankenhausaufenthalt machte leider einen Strich durch die Rechnung (ich berichtete). Da gute Musik zum Gl\u00fcck kein Verfallsdatum hat ist es nun soweit, die neunzehnte Ausgabe der Sendung rest\/ger\u00e4usche geht am 05. Februar ab 22 Uhr endlich \u00bbOn Air\u00ab. Diesmal mit einem ausf\u00fchrlichen Blick&#8230; <a class=\"moretag\" href=\"https:\/\/restgeraeusche.de\/?p=1533\">Weiter lesen &raquo;<\/a><\/p>\n","protected":false},"author":1,"featured_media":0,"comment_status":"open","ping_status":"open","sticky":false,"template":"","format":"standard","meta":{"footnotes":""},"categories":[11,12,15],"tags":[],"class_list":["post-1533","post","type-post","status-publish","format-standard","hentry","category-blog","category-news","category-sendungen"],"_links":{"self":[{"href":"https:\/\/restgeraeusche.de\/index.php?rest_route=\/wp\/v2\/posts\/1533","targetHints":{"allow":["GET"]}}],"collection":[{"href":"https:\/\/restgeraeusche.de\/index.php?rest_route=\/wp\/v2\/posts"}],"about":[{"href":"https:\/\/restgeraeusche.de\/index.php?rest_route=\/wp\/v2\/types\/post"}],"author":[{"embeddable":true,"href":"https:\/\/restgeraeusche.de\/index.php?rest_route=\/wp\/v2\/users\/1"}],"replies":[{"embeddable":true,"href":"https:\/\/restgeraeusche.de\/index.php?rest_route=%2Fwp%2Fv2%2Fcomments&post=1533"}],"version-history":[{"count":5,"href":"https:\/\/restgeraeusche.de\/index.php?rest_route=\/wp\/v2\/posts\/1533\/revisions"}],"predecessor-version":[{"id":1538,"href":"https:\/\/restgeraeusche.de\/index.php?rest_route=\/wp\/v2\/posts\/1533\/revisions\/1538"}],"wp:attachment":[{"href":"https:\/\/restgeraeusche.de\/index.php?rest_route=%2Fwp%2Fv2%2Fmedia&parent=1533"}],"wp:term":[{"taxonomy":"category","embeddable":true,"href":"https:\/\/restgeraeusche.de\/index.php?rest_route=%2Fwp%2Fv2%2Fcategories&post=1533"},{"taxonomy":"post_tag","embeddable":true,"href":"https:\/\/restgeraeusche.de\/index.php?rest_route=%2Fwp%2Fv2%2Ftags&post=1533"}],"curies":[{"name":"wp","href":"https:\/\/api.w.org\/{rel}","templated":true}]}}