{"id":1621,"date":"2024-03-28T20:52:27","date_gmt":"2024-03-28T18:52:27","guid":{"rendered":"https:\/\/restgeraeusche.de\/?p=1621"},"modified":"2024-03-28T21:00:27","modified_gmt":"2024-03-28T19:00:27","slug":"rest-geraeusche-21-01-april-2024-22-24-uhr","status":"publish","type":"post","link":"https:\/\/restgeraeusche.de\/?p=1621","title":{"rendered":"rest\/ger\u00e4usche 21 \u2013 01. April 2024 (22-24 Uhr)"},"content":{"rendered":"<div id=\"attachment_1629\" style=\"width: 310px\" class=\"wp-caption alignleft\"><img loading=\"lazy\" decoding=\"async\" aria-describedby=\"caption-attachment-1629\" class=\"wp-image-1629 size-medium\" src=\"https:\/\/restgeraeusche.de\/wp-content\/uploads\/2024\/03\/Wata-Igarashi-300x300.jpg\" alt=\"Wata Igarashi\" width=\"300\" height=\"300\" srcset=\"https:\/\/restgeraeusche.de\/wp-content\/uploads\/2024\/03\/Wata-Igarashi-300x300.jpg 300w, https:\/\/restgeraeusche.de\/wp-content\/uploads\/2024\/03\/Wata-Igarashi-150x150.jpg 150w, https:\/\/restgeraeusche.de\/wp-content\/uploads\/2024\/03\/Wata-Igarashi.jpg 400w\" sizes=\"auto, (max-width: 300px) 100vw, 300px\" \/><p id=\"caption-attachment-1629\" class=\"wp-caption-text\">Albumcover \u00bbAgartha\u00ab von Wata Igarashi<\/p><\/div>\n<p style=\"text-align: justify;\"><span style=\"font-family: arial, helvetica, sans-serif; font-size: 10pt;\">Vorweg: Im aktuellen <a href=\"https:\/\/www.radio-rum.de\/web\/wp-content\/uploads\/2024\/03\/2024-04-final.pdf\" target=\"_blank\" rel=\"noopener\">Programmheft<\/a> (April 2024) auf der Webseite von Radio Unerh\u00f6rt Marburg 90.1MHz wird der 08. April 2024 als Sendetag ausgewiesen. Hiermit stelle ich fest: Das ist falsch. \ud83d\ude00 Die Sendung findet nat\u00fcrlich am 01. April 2024 von 22-24 Uhr statt. Und das ist ganz sicher kein Aprilscherz. So werden wie gewohnt wieder Sounds aus dem Land der elektronischen Musik zu h\u00f6ren sein. Ein Schwerpunkt diesmal ist das Album \u00bbAir II &#8211; Travelling Without Moving\u00ab, das zu Beginn des Jahres (auch auf Vinyl) wiederver\u00f6ffentlicht wurde. Das \u00bbAir\u00ab-Projekt von Pete Namlook aka Peter Kuhlmann z\u00e4hlt wahrscheinlich zu seinem bekanntesten Projekt und ist heute ein Klassiker. Dazu gibt es noch h\u00f6rbare Eindr\u00fccke von diversen (Neu)ver\u00f6ffentlichungen, darunter ein St\u00fcck des neuen Album von Wata Igarashi (siehe Bild) und Kl\u00e4nge aus der \u00bbwahren\u00ab rest\/ger\u00e4usche-Ecke. Und dann noch ein zweiter Schwerpunkt: Klassik trifft Elektronik &#8211; oder umgedreht. Ergebnis: Eine impressionistische Welt aus Theater &amp; Tanz.. Dazu dann mehr in der Sendung. Freut euch auf alles zwischen Stille und Ruhest\u00f6rung.<\/span><\/p>\n<blockquote><p><span style=\"font-family: arial, helvetica, sans-serif; font-size: 10pt;\">O rue de lumi\u00e8re, touches-tu ses pieds nus (aus: Air II)<br \/>\n<\/span><\/p><\/blockquote>\n<div class=\"shariff shariff-align-left shariff-widget-align-left\" data-services=\"facebook\" data-url=\"https:\/\/restgeraeusche.de\/?p=1621\" data-timestamp=\"1711659627\" data-hidezero=\"1\" data-backendurl=\"?rest_route=\/shariff\/v1\/share_counts&\"><ul class=\"shariff-buttons theme-round orientation-horizontal buttonsize-medium\"><li class=\"shariff-button facebook shariff-nocustomcolor\" style=\"background-color:#4273c8\"><a href=\"https:\/\/www.facebook.com\/sharer\/sharer.php?u=https%3A%2F%2Frestgeraeusche.de%2F%3Fp%3D1621\" title=\"Bei Facebook teilen\" aria-label=\"Bei Facebook teilen\" role=\"button\" rel=\"nofollow\" class=\"shariff-link\" style=\"; background-color:#3b5998; color:#fff\" target=\"_blank\"><span class=\"shariff-icon\" style=\"\"><svg width=\"32px\" height=\"20px\" xmlns=\"http:\/\/www.w3.org\/2000\/svg\" viewBox=\"0 0 18 32\"><path fill=\"#3b5998\" d=\"M17.1 0.2v4.7h-2.8q-1.5 0-2.1 0.6t-0.5 1.9v3.4h5.2l-0.7 5.3h-4.5v13.6h-5.5v-13.6h-4.5v-5.3h4.5v-3.9q0-3.3 1.9-5.2t5-1.8q2.6 0 4.1 0.2z\"\/><\/svg><\/span><span data-service=\"facebook\" style=\"color:#3b5998\" class=\"shariff-count shariff-hidezero\"><\/span>&nbsp;<\/a><\/li><li class=\"shariff-button twitter shariff-nocustomcolor\" style=\"background-color:#595959\"><a href=\"https:\/\/twitter.com\/share?url=https%3A%2F%2Frestgeraeusche.de%2F%3Fp%3D1621&text=rest%2Fger%C3%A4usche%2021%20%E2%80%93%2001.%20April%202024%20%2822-24%20Uhr%29\" title=\"Bei X teilen\" aria-label=\"Bei X teilen\" role=\"button\" rel=\"noopener nofollow\" class=\"shariff-link\" style=\"; background-color:#000; color:#fff\" target=\"_blank\"><span class=\"shariff-icon\" style=\"\"><svg width=\"32px\" height=\"20px\" xmlns=\"http:\/\/www.w3.org\/2000\/svg\" viewBox=\"0 0 24 24\"><path fill=\"#000\" d=\"M14.258 10.152L23.176 0h-2.113l-7.747 8.813L7.133 0H0l9.352 13.328L0 23.973h2.113l8.176-9.309 6.531 9.309h7.133zm-2.895 3.293l-.949-1.328L2.875 1.56h3.246l6.086 8.523.945 1.328 7.91 11.078h-3.246zm0 0\"\/><\/svg><\/span><\/a><\/li><li class=\"shariff-button info shariff-nocustomcolor\" style=\"background-color:#eee\"><a href=\"http:\/\/ct.de\/-2467514\" title=\"Weitere Informationen\" aria-label=\"Weitere Informationen\" role=\"button\" rel=\"noopener \" class=\"shariff-link\" style=\"; background-color:#fff; color:#fff\" target=\"_blank\"><span class=\"shariff-icon\" style=\"\"><svg width=\"32px\" height=\"20px\" xmlns=\"http:\/\/www.w3.org\/2000\/svg\" viewBox=\"0 0 11 32\"><path fill=\"#999\" d=\"M11.4 24v2.3q0 0.5-0.3 0.8t-0.8 0.4h-9.1q-0.5 0-0.8-0.4t-0.4-0.8v-2.3q0-0.5 0.4-0.8t0.8-0.4h1.1v-6.8h-1.1q-0.5 0-0.8-0.4t-0.4-0.8v-2.3q0-0.5 0.4-0.8t0.8-0.4h6.8q0.5 0 0.8 0.4t0.4 0.8v10.3h1.1q0.5 0 0.8 0.4t0.3 0.8zM9.2 3.4v3.4q0 0.5-0.4 0.8t-0.8 0.4h-4.6q-0.4 0-0.8-0.4t-0.4-0.8v-3.4q0-0.4 0.4-0.8t0.8-0.4h4.6q0.5 0 0.8 0.4t0.4 0.8z\"\/><\/svg><\/span><\/a><\/li><\/ul><\/div>","protected":false},"excerpt":{"rendered":"<p>Vorweg: Im aktuellen Programmheft (April 2024) auf der Webseite von Radio Unerh\u00f6rt Marburg 90.1MHz wird der 08. April 2024 als Sendetag ausgewiesen. Hiermit stelle ich fest: Das ist falsch. \ud83d\ude00 Die Sendung findet nat\u00fcrlich am 01. April 2024 von 22-24 Uhr statt. Und das ist ganz sicher kein Aprilscherz. So werden wie gewohnt wieder Sounds&#8230; <a class=\"moretag\" href=\"https:\/\/restgeraeusche.de\/?p=1621\">Weiter lesen &raquo;<\/a><\/p>\n","protected":false},"author":1,"featured_media":0,"comment_status":"open","ping_status":"open","sticky":false,"template":"","format":"standard","meta":{"footnotes":""},"categories":[11,12,15],"tags":[],"class_list":["post-1621","post","type-post","status-publish","format-standard","hentry","category-blog","category-news","category-sendungen"],"_links":{"self":[{"href":"https:\/\/restgeraeusche.de\/index.php?rest_route=\/wp\/v2\/posts\/1621","targetHints":{"allow":["GET"]}}],"collection":[{"href":"https:\/\/restgeraeusche.de\/index.php?rest_route=\/wp\/v2\/posts"}],"about":[{"href":"https:\/\/restgeraeusche.de\/index.php?rest_route=\/wp\/v2\/types\/post"}],"author":[{"embeddable":true,"href":"https:\/\/restgeraeusche.de\/index.php?rest_route=\/wp\/v2\/users\/1"}],"replies":[{"embeddable":true,"href":"https:\/\/restgeraeusche.de\/index.php?rest_route=%2Fwp%2Fv2%2Fcomments&post=1621"}],"version-history":[{"count":16,"href":"https:\/\/restgeraeusche.de\/index.php?rest_route=\/wp\/v2\/posts\/1621\/revisions"}],"predecessor-version":[{"id":1639,"href":"https:\/\/restgeraeusche.de\/index.php?rest_route=\/wp\/v2\/posts\/1621\/revisions\/1639"}],"wp:attachment":[{"href":"https:\/\/restgeraeusche.de\/index.php?rest_route=%2Fwp%2Fv2%2Fmedia&parent=1621"}],"wp:term":[{"taxonomy":"category","embeddable":true,"href":"https:\/\/restgeraeusche.de\/index.php?rest_route=%2Fwp%2Fv2%2Fcategories&post=1621"},{"taxonomy":"post_tag","embeddable":true,"href":"https:\/\/restgeraeusche.de\/index.php?rest_route=%2Fwp%2Fv2%2Ftags&post=1621"}],"curies":[{"name":"wp","href":"https:\/\/api.w.org\/{rel}","templated":true}]}}