{"id":1892,"date":"2025-02-27T19:27:17","date_gmt":"2025-02-27T17:27:17","guid":{"rendered":"https:\/\/restgeraeusche.de\/?p=1892"},"modified":"2025-02-27T19:37:57","modified_gmt":"2025-02-27T17:37:57","slug":"rest-geraeusche-32-03-maerz-2025-22-24-uhr","status":"publish","type":"post","link":"https:\/\/restgeraeusche.de\/?p=1892","title":{"rendered":"rest\/ger\u00e4usche 32 \u2013 03. M\u00e4rz 2025 (22-24 Uhr)"},"content":{"rendered":"<div id=\"attachment_1894\" style=\"width: 310px\" class=\"wp-caption alignleft\"><img loading=\"lazy\" decoding=\"async\" aria-describedby=\"caption-attachment-1894\" class=\"wp-image-1894 size-medium\" src=\"https:\/\/restgeraeusche.de\/wp-content\/uploads\/2025\/02\/AdelbertVonDeyen-300x300.jpg\" alt=\"\" width=\"300\" height=\"300\" srcset=\"https:\/\/restgeraeusche.de\/wp-content\/uploads\/2025\/02\/AdelbertVonDeyen-300x300.jpg 300w, https:\/\/restgeraeusche.de\/wp-content\/uploads\/2025\/02\/AdelbertVonDeyen-150x150.jpg 150w, https:\/\/restgeraeusche.de\/wp-content\/uploads\/2025\/02\/AdelbertVonDeyen.jpg 531w\" sizes=\"auto, (max-width: 300px) 100vw, 300px\" \/><p id=\"caption-attachment-1894\" class=\"wp-caption-text\">Cover \u00bbAtmosphere\u00ab (Adelbert Von Deyen)<\/p><\/div>\n<p align=\"JUSTIFY\"><span style=\"font-family: arial, helvetica, sans-serif; font-size: 10pt;\">Der M\u00e4rz ist da und die zweiunddrei\u00dfigste Sendung der Sendereihe wagt heute einen musikalischen Spagat zwischen melancholischen, monotonen, d\u00fcsteren und treibenden Kl\u00e4ngen. In der ersten Stunde h\u00f6rt ihr St\u00fccke von \u00bbAltus\u00ab, \u00bbClaudio PRC\u00ab sowie Adelbert von Deyen. Sein St\u00fcck \u00bbAtmosphere\u00ab, das im Jahr 1980 auf Sky Records erschien, gilt heute als Klassiker der Berliner Schule von der er, neben u.a. Pink Floyd, stark inspiriert wurde. Ihr h\u00f6rt hier den zweiten Teil (\u00bbAtmosphere II\u00ab). In der zweiten Stunde zieht es uns auf den (anspruchsvollen) Tanzboden. \u00bbThe Allegorist\u00ab und \u00bbNaum Gabo\u00ab sind die Protagonisten die euch erst auf den Boden des Dub &amp; Subsonic treiben um euch dann auf die Tanzfl\u00e4che abzuholen &#8211; und danei die Schwei\u00dfperlen auf die Stirn holen&#8230; Lasst euch fallen, sacken oder treiben&#8230; Was immer ihr wollt.<\/span><\/p>\n<div class=\"shariff shariff-align-left shariff-widget-align-left\" data-services=\"facebook\" data-url=\"https:\/\/restgeraeusche.de\/?p=1892\" data-timestamp=\"1740685077\" data-hidezero=\"1\" data-backendurl=\"?rest_route=\/shariff\/v1\/share_counts&\"><ul class=\"shariff-buttons theme-round orientation-horizontal buttonsize-medium\"><li class=\"shariff-button facebook shariff-nocustomcolor\" style=\"background-color:#4273c8\"><a href=\"https:\/\/www.facebook.com\/sharer\/sharer.php?u=https%3A%2F%2Frestgeraeusche.de%2F%3Fp%3D1892\" title=\"Bei Facebook teilen\" aria-label=\"Bei Facebook teilen\" role=\"button\" rel=\"nofollow\" class=\"shariff-link\" style=\"; background-color:#3b5998; color:#fff\" target=\"_blank\"><span class=\"shariff-icon\" style=\"\"><svg width=\"32px\" height=\"20px\" xmlns=\"http:\/\/www.w3.org\/2000\/svg\" viewBox=\"0 0 18 32\"><path fill=\"#3b5998\" d=\"M17.1 0.2v4.7h-2.8q-1.5 0-2.1 0.6t-0.5 1.9v3.4h5.2l-0.7 5.3h-4.5v13.6h-5.5v-13.6h-4.5v-5.3h4.5v-3.9q0-3.3 1.9-5.2t5-1.8q2.6 0 4.1 0.2z\"\/><\/svg><\/span><span data-service=\"facebook\" style=\"color:#3b5998\" class=\"shariff-count shariff-hidezero\"><\/span>&nbsp;<\/a><\/li><li class=\"shariff-button twitter shariff-nocustomcolor\" style=\"background-color:#595959\"><a href=\"https:\/\/twitter.com\/share?url=https%3A%2F%2Frestgeraeusche.de%2F%3Fp%3D1892&text=rest%2Fger%C3%A4usche%2032%20%E2%80%93%2003.%20M%C3%A4rz%202025%20%2822-24%20Uhr%29\" title=\"Bei X teilen\" aria-label=\"Bei X teilen\" role=\"button\" rel=\"noopener nofollow\" class=\"shariff-link\" style=\"; background-color:#000; color:#fff\" target=\"_blank\"><span class=\"shariff-icon\" style=\"\"><svg width=\"32px\" height=\"20px\" xmlns=\"http:\/\/www.w3.org\/2000\/svg\" viewBox=\"0 0 24 24\"><path fill=\"#000\" d=\"M14.258 10.152L23.176 0h-2.113l-7.747 8.813L7.133 0H0l9.352 13.328L0 23.973h2.113l8.176-9.309 6.531 9.309h7.133zm-2.895 3.293l-.949-1.328L2.875 1.56h3.246l6.086 8.523.945 1.328 7.91 11.078h-3.246zm0 0\"\/><\/svg><\/span><\/a><\/li><li class=\"shariff-button info shariff-nocustomcolor\" style=\"background-color:#eee\"><a href=\"http:\/\/ct.de\/-2467514\" title=\"Weitere Informationen\" aria-label=\"Weitere Informationen\" role=\"button\" rel=\"noopener \" class=\"shariff-link\" style=\"; background-color:#fff; color:#fff\" target=\"_blank\"><span class=\"shariff-icon\" style=\"\"><svg width=\"32px\" height=\"20px\" xmlns=\"http:\/\/www.w3.org\/2000\/svg\" viewBox=\"0 0 11 32\"><path fill=\"#999\" d=\"M11.4 24v2.3q0 0.5-0.3 0.8t-0.8 0.4h-9.1q-0.5 0-0.8-0.4t-0.4-0.8v-2.3q0-0.5 0.4-0.8t0.8-0.4h1.1v-6.8h-1.1q-0.5 0-0.8-0.4t-0.4-0.8v-2.3q0-0.5 0.4-0.8t0.8-0.4h6.8q0.5 0 0.8 0.4t0.4 0.8v10.3h1.1q0.5 0 0.8 0.4t0.3 0.8zM9.2 3.4v3.4q0 0.5-0.4 0.8t-0.8 0.4h-4.6q-0.4 0-0.8-0.4t-0.4-0.8v-3.4q0-0.4 0.4-0.8t0.8-0.4h4.6q0.5 0 0.8 0.4t0.4 0.8z\"\/><\/svg><\/span><\/a><\/li><\/ul><\/div>","protected":false},"excerpt":{"rendered":"<p>Der M\u00e4rz ist da und die zweiunddrei\u00dfigste Sendung der Sendereihe wagt heute einen musikalischen Spagat zwischen melancholischen, monotonen, d\u00fcsteren und treibenden Kl\u00e4ngen. In der ersten Stunde h\u00f6rt ihr St\u00fccke von \u00bbAltus\u00ab, \u00bbClaudio PRC\u00ab sowie Adelbert von Deyen. Sein St\u00fcck \u00bbAtmosphere\u00ab, das im Jahr 1980 auf Sky Records erschien, gilt heute als Klassiker der Berliner Schule&#8230; <a class=\"moretag\" href=\"https:\/\/restgeraeusche.de\/?p=1892\">Weiter lesen &raquo;<\/a><\/p>\n","protected":false},"author":1,"featured_media":0,"comment_status":"open","ping_status":"open","sticky":false,"template":"","format":"standard","meta":{"footnotes":""},"categories":[11,12,15],"tags":[],"class_list":["post-1892","post","type-post","status-publish","format-standard","hentry","category-blog","category-news","category-sendungen"],"_links":{"self":[{"href":"https:\/\/restgeraeusche.de\/index.php?rest_route=\/wp\/v2\/posts\/1892","targetHints":{"allow":["GET"]}}],"collection":[{"href":"https:\/\/restgeraeusche.de\/index.php?rest_route=\/wp\/v2\/posts"}],"about":[{"href":"https:\/\/restgeraeusche.de\/index.php?rest_route=\/wp\/v2\/types\/post"}],"author":[{"embeddable":true,"href":"https:\/\/restgeraeusche.de\/index.php?rest_route=\/wp\/v2\/users\/1"}],"replies":[{"embeddable":true,"href":"https:\/\/restgeraeusche.de\/index.php?rest_route=%2Fwp%2Fv2%2Fcomments&post=1892"}],"version-history":[{"count":6,"href":"https:\/\/restgeraeusche.de\/index.php?rest_route=\/wp\/v2\/posts\/1892\/revisions"}],"predecessor-version":[{"id":1904,"href":"https:\/\/restgeraeusche.de\/index.php?rest_route=\/wp\/v2\/posts\/1892\/revisions\/1904"}],"wp:attachment":[{"href":"https:\/\/restgeraeusche.de\/index.php?rest_route=%2Fwp%2Fv2%2Fmedia&parent=1892"}],"wp:term":[{"taxonomy":"category","embeddable":true,"href":"https:\/\/restgeraeusche.de\/index.php?rest_route=%2Fwp%2Fv2%2Fcategories&post=1892"},{"taxonomy":"post_tag","embeddable":true,"href":"https:\/\/restgeraeusche.de\/index.php?rest_route=%2Fwp%2Fv2%2Ftags&post=1892"}],"curies":[{"name":"wp","href":"https:\/\/api.w.org\/{rel}","templated":true}]}}