{"id":1942,"date":"2025-07-27T09:03:48","date_gmt":"2025-07-27T07:03:48","guid":{"rendered":"https:\/\/restgeraeusche.de\/?p=1942"},"modified":"2025-07-27T09:08:08","modified_gmt":"2025-07-27T07:08:08","slug":"rest-geraeusche-35-04-august-2025-22-24-uhr","status":"publish","type":"post","link":"https:\/\/restgeraeusche.de\/?p=1942","title":{"rendered":"rest\/ger\u00e4usche 35 \u2013 04. August 2025 (22-24 Uhr)"},"content":{"rendered":"<div id=\"attachment_1949\" style=\"width: 310px\" class=\"wp-caption alignleft\"><img loading=\"lazy\" decoding=\"async\" aria-describedby=\"caption-attachment-1949\" class=\"wp-image-1949 size-medium\" src=\"https:\/\/restgeraeusche.de\/wp-content\/uploads\/2025\/07\/Arrival-at-Myriahs-shadow-300x300.jpg\" alt=\"\" width=\"300\" height=\"300\" srcset=\"https:\/\/restgeraeusche.de\/wp-content\/uploads\/2025\/07\/Arrival-at-Myriahs-shadow-300x300.jpg 300w, https:\/\/restgeraeusche.de\/wp-content\/uploads\/2025\/07\/Arrival-at-Myriahs-shadow-1024x1024.jpg 1024w, https:\/\/restgeraeusche.de\/wp-content\/uploads\/2025\/07\/Arrival-at-Myriahs-shadow-150x150.jpg 150w, https:\/\/restgeraeusche.de\/wp-content\/uploads\/2025\/07\/Arrival-at-Myriahs-shadow-768x768.jpg 768w, https:\/\/restgeraeusche.de\/wp-content\/uploads\/2025\/07\/Arrival-at-Myriahs-shadow-660x660.jpg 660w, https:\/\/restgeraeusche.de\/wp-content\/uploads\/2025\/07\/Arrival-at-Myriahs-shadow.jpg 1200w\" sizes=\"auto, (max-width: 300px) 100vw, 300px\" \/><p id=\"caption-attachment-1949\" class=\"wp-caption-text\">\u00bbArrival At Myriah&#8217;s Shadow\u00ab<\/p><\/div>\n<p align=\"JUSTIFY\"><span style=\"font-family: Arial, sans-serif; font-size: 10pt;\">Der Ausfall der Juni- sowie Juli-Sendung der Sendereihe \u00bbrest\/ger\u00e4usche\u00ab war zwar nicht geplant aber gewollt. H\u00f6rt sich vielleicht komisch an, ist aber so. Nennen wir es offiziell einfach mal eine kurze Sommerpause. Am 04. August werdet ihr an den Ger\u00e4ten wieder mit Kl\u00e4ngen aus dem elektronischen Bereich und auch dar\u00fcber hinaus verw\u00f6hnt werden. Diesmal stehen zwei Projekte ganz im Mittelpunkt. Einmal \u00bbOcoeur\u00ab, hinter dem der franz\u00f6sische Produzent Franck Zaragoza steckt. Seine Musik, minimalistisch und introspektiv, verw\u00f6hnt K\u00f6rper und Sinne. U.a. komponierte er auch die Filmmusik des 2018 erschienen Dokumentarfilms \u00bbIn The Starlight\u00ab. Als zweites h\u00f6rt ihr das dieser Tage erschienene \u00bbArrival At Myriah&#8217;s Shadow\u00ab des britischen Komponisten Patrick Unsworth. Dazu nat\u00fcrlich wie immer ein buntes musikalisches Potpourri. Genie\u00dft den hoffentlich lauen Sommerabend und \u00f6ffnet eure Ohren und Herzen&#8230; PS: Die im <a href=\"https:\/\/www.radio-rum.de\/web\/juni-programmheft\/\" target=\"_blank\" rel=\"noopener\">Juni-Heft<\/a> von Radio Unerh\u00f6rt Marburg angek\u00fcndigte Sendung (resp, deren musikalischer Inhalt) wird im kommenden Monat ausgestrahlt, dazu werde ich nat\u00fcrlich zeitnah noch hier etwas schreiben.<\/span><\/p>\n<div class=\"shariff shariff-align-left shariff-widget-align-left\" data-services=\"facebook\" data-url=\"https:\/\/restgeraeusche.de\/?p=1942\" data-timestamp=\"1753607288\" data-hidezero=\"1\" data-backendurl=\"?rest_route=\/shariff\/v1\/share_counts&\"><ul class=\"shariff-buttons theme-round orientation-horizontal buttonsize-medium\"><li class=\"shariff-button facebook shariff-nocustomcolor\" style=\"background-color:#4273c8\"><a href=\"https:\/\/www.facebook.com\/sharer\/sharer.php?u=https%3A%2F%2Frestgeraeusche.de%2F%3Fp%3D1942\" title=\"Bei Facebook teilen\" aria-label=\"Bei Facebook teilen\" role=\"button\" rel=\"nofollow\" class=\"shariff-link\" style=\"; background-color:#3b5998; color:#fff\" target=\"_blank\"><span class=\"shariff-icon\" style=\"\"><svg width=\"32px\" height=\"20px\" xmlns=\"http:\/\/www.w3.org\/2000\/svg\" viewBox=\"0 0 18 32\"><path fill=\"#3b5998\" d=\"M17.1 0.2v4.7h-2.8q-1.5 0-2.1 0.6t-0.5 1.9v3.4h5.2l-0.7 5.3h-4.5v13.6h-5.5v-13.6h-4.5v-5.3h4.5v-3.9q0-3.3 1.9-5.2t5-1.8q2.6 0 4.1 0.2z\"\/><\/svg><\/span><span data-service=\"facebook\" style=\"color:#3b5998\" class=\"shariff-count shariff-hidezero\"><\/span>&nbsp;<\/a><\/li><li class=\"shariff-button twitter shariff-nocustomcolor\" style=\"background-color:#595959\"><a href=\"https:\/\/twitter.com\/share?url=https%3A%2F%2Frestgeraeusche.de%2F%3Fp%3D1942&text=rest%2Fger%C3%A4usche%2035%20%E2%80%93%2004.%20August%202025%20%2822-24%20Uhr%29\" title=\"Bei X teilen\" aria-label=\"Bei X teilen\" role=\"button\" rel=\"noopener nofollow\" class=\"shariff-link\" style=\"; background-color:#000; color:#fff\" target=\"_blank\"><span class=\"shariff-icon\" style=\"\"><svg width=\"32px\" height=\"20px\" xmlns=\"http:\/\/www.w3.org\/2000\/svg\" viewBox=\"0 0 24 24\"><path fill=\"#000\" d=\"M14.258 10.152L23.176 0h-2.113l-7.747 8.813L7.133 0H0l9.352 13.328L0 23.973h2.113l8.176-9.309 6.531 9.309h7.133zm-2.895 3.293l-.949-1.328L2.875 1.56h3.246l6.086 8.523.945 1.328 7.91 11.078h-3.246zm0 0\"\/><\/svg><\/span><\/a><\/li><li class=\"shariff-button info shariff-nocustomcolor\" style=\"background-color:#eee\"><a href=\"http:\/\/ct.de\/-2467514\" title=\"Weitere Informationen\" aria-label=\"Weitere Informationen\" role=\"button\" rel=\"noopener \" class=\"shariff-link\" style=\"; background-color:#fff; color:#fff\" target=\"_blank\"><span class=\"shariff-icon\" style=\"\"><svg width=\"32px\" height=\"20px\" xmlns=\"http:\/\/www.w3.org\/2000\/svg\" viewBox=\"0 0 11 32\"><path fill=\"#999\" d=\"M11.4 24v2.3q0 0.5-0.3 0.8t-0.8 0.4h-9.1q-0.5 0-0.8-0.4t-0.4-0.8v-2.3q0-0.5 0.4-0.8t0.8-0.4h1.1v-6.8h-1.1q-0.5 0-0.8-0.4t-0.4-0.8v-2.3q0-0.5 0.4-0.8t0.8-0.4h6.8q0.5 0 0.8 0.4t0.4 0.8v10.3h1.1q0.5 0 0.8 0.4t0.3 0.8zM9.2 3.4v3.4q0 0.5-0.4 0.8t-0.8 0.4h-4.6q-0.4 0-0.8-0.4t-0.4-0.8v-3.4q0-0.4 0.4-0.8t0.8-0.4h4.6q0.5 0 0.8 0.4t0.4 0.8z\"\/><\/svg><\/span><\/a><\/li><\/ul><\/div>","protected":false},"excerpt":{"rendered":"<p>Der Ausfall der Juni- sowie Juli-Sendung der Sendereihe \u00bbrest\/ger\u00e4usche\u00ab war zwar nicht geplant aber gewollt. H\u00f6rt sich vielleicht komisch an, ist aber so. Nennen wir es offiziell einfach mal eine kurze Sommerpause. Am 04. August werdet ihr an den Ger\u00e4ten wieder mit Kl\u00e4ngen aus dem elektronischen Bereich und auch dar\u00fcber hinaus verw\u00f6hnt werden. Diesmal stehen&#8230; <a class=\"moretag\" href=\"https:\/\/restgeraeusche.de\/?p=1942\">Weiter lesen &raquo;<\/a><\/p>\n","protected":false},"author":1,"featured_media":0,"comment_status":"open","ping_status":"open","sticky":false,"template":"","format":"standard","meta":{"footnotes":""},"categories":[11,12,15],"tags":[],"class_list":["post-1942","post","type-post","status-publish","format-standard","hentry","category-blog","category-news","category-sendungen"],"_links":{"self":[{"href":"https:\/\/restgeraeusche.de\/index.php?rest_route=\/wp\/v2\/posts\/1942","targetHints":{"allow":["GET"]}}],"collection":[{"href":"https:\/\/restgeraeusche.de\/index.php?rest_route=\/wp\/v2\/posts"}],"about":[{"href":"https:\/\/restgeraeusche.de\/index.php?rest_route=\/wp\/v2\/types\/post"}],"author":[{"embeddable":true,"href":"https:\/\/restgeraeusche.de\/index.php?rest_route=\/wp\/v2\/users\/1"}],"replies":[{"embeddable":true,"href":"https:\/\/restgeraeusche.de\/index.php?rest_route=%2Fwp%2Fv2%2Fcomments&post=1942"}],"version-history":[{"count":9,"href":"https:\/\/restgeraeusche.de\/index.php?rest_route=\/wp\/v2\/posts\/1942\/revisions"}],"predecessor-version":[{"id":1952,"href":"https:\/\/restgeraeusche.de\/index.php?rest_route=\/wp\/v2\/posts\/1942\/revisions\/1952"}],"wp:attachment":[{"href":"https:\/\/restgeraeusche.de\/index.php?rest_route=%2Fwp%2Fv2%2Fmedia&parent=1942"}],"wp:term":[{"taxonomy":"category","embeddable":true,"href":"https:\/\/restgeraeusche.de\/index.php?rest_route=%2Fwp%2Fv2%2Fcategories&post=1942"},{"taxonomy":"post_tag","embeddable":true,"href":"https:\/\/restgeraeusche.de\/index.php?rest_route=%2Fwp%2Fv2%2Ftags&post=1942"}],"curies":[{"name":"wp","href":"https:\/\/api.w.org\/{rel}","templated":true}]}}