{"id":2013,"date":"2025-11-30T20:07:43","date_gmt":"2025-11-30T18:07:43","guid":{"rendered":"https:\/\/restgeraeusche.de\/?p=2013"},"modified":"2025-11-30T20:07:52","modified_gmt":"2025-11-30T18:07:52","slug":"rest-geraeusche-39-02-dezember-2025-20-22-uhr","status":"publish","type":"post","link":"https:\/\/restgeraeusche.de\/?p=2013","title":{"rendered":"rest\/ger\u00e4usche 39 \u2013 02. Dezember 2025 (20-22 Uhr)"},"content":{"rendered":"<p style=\"text-align: justify;\"><span style=\"font-family: arial, helvetica, sans-serif; font-size: 10pt;\"><img loading=\"lazy\" decoding=\"async\" class=\"size-medium wp-image-2018 alignleft\" src=\"https:\/\/restgeraeusche.de\/wp-content\/uploads\/2025\/11\/Pianeti-Sintetici-300x300.jpg\" alt=\"\" width=\"300\" height=\"300\" srcset=\"https:\/\/restgeraeusche.de\/wp-content\/uploads\/2025\/11\/Pianeti-Sintetici-300x300.jpg 300w, https:\/\/restgeraeusche.de\/wp-content\/uploads\/2025\/11\/Pianeti-Sintetici-150x150.jpg 150w, https:\/\/restgeraeusche.de\/wp-content\/uploads\/2025\/11\/Pianeti-Sintetici.jpg 600w\" sizes=\"auto, (max-width: 300px) 100vw, 300px\" \/>Neuer Wochentag und neue Sendestunde. Aber sonst bleibt alles gleich. Auch die neununddrei\u00dfigste Ausgabe der Sendereihe \u00bbrest\/ger\u00e4usche\u00ab wird den elektronischen Klangaspakten breiten Raum geben, nat\u00fcrlich wie immer mit dem Blick in alle Himmelsrichtungen der Musik.Im Mittelpunkt steht diesmal das Projekt \u00bbPianeti Sintetici\u00ab mit dem St\u00fcck \u00bbSpace Opera\u00ab. <\/span><span style=\"font-family: Arial, sans-serif;\"><span style=\"font-size: small;\">Ein Konzeptprojekt von Perrone, welcher vom Film \u00bbPer Anhalter durch die Galaxis\u00ab inspiriert wurde. Dabei bezieht er sich hier explizit auf die Fabriken auf Magrathea &#8211; einem Planeten im Pferdekopfnebel. Dort werden auf Bestellung k\u00fcnstliche Luxusplaneten f\u00fcr die Sch\u00f6nen und Reichen gefertigt. Er selbst sagt dazu: <\/span><\/span><em>\u00bb<\/em><span style=\"font-family: Arial, sans-serif;\"><span style=\"font-size: small;\"><i>Das Konzept hat mich schon immer fasziniert. Der Namen wurde gew\u00e4hlt, um eine hypothetische Zukunft synthetischer Welten zu beschreiben, erz\u00e4hlt durch Klang. Ich stelle mir die Schreie von Wesen vor, die in Sonnensystemen au\u00dferhalb unseres eigenen leben. D\u00fcnne Atmosph\u00e4ren, fremdartige Kl\u00e4nge und ungewohnte Tonlagen. Pianeti Sintetici ist f\u00fcr mich ein offenes Designforschungsprojekt, in dem ich diese Inspirationen ausloten kann.\u00ab <\/i>&#8211; Ansonsten wird sich in der Sendung wie immer alles um Ger\u00e4usche und <span style=\"font-size: 10pt;\">Musik drehen. Vorwiegend auf dem Plattenteller&#8230;<\/span>\u00a0Seid dabei!<\/span><\/span><\/p>\n<div class=\"shariff shariff-align-left shariff-widget-align-left\" data-services=\"facebook\" data-url=\"https:\/\/restgeraeusche.de\/?p=2013\" data-timestamp=\"1764533272\" data-hidezero=\"1\" data-backendurl=\"?rest_route=\/shariff\/v1\/share_counts&\"><ul class=\"shariff-buttons theme-round orientation-horizontal buttonsize-medium\"><li class=\"shariff-button facebook shariff-nocustomcolor\" style=\"background-color:#4273c8\"><a href=\"https:\/\/www.facebook.com\/sharer\/sharer.php?u=https%3A%2F%2Frestgeraeusche.de%2F%3Fp%3D2013\" title=\"Bei Facebook teilen\" aria-label=\"Bei Facebook teilen\" role=\"button\" rel=\"nofollow\" class=\"shariff-link\" style=\"; background-color:#3b5998; color:#fff\" target=\"_blank\"><span class=\"shariff-icon\" style=\"\"><svg width=\"32px\" height=\"20px\" xmlns=\"http:\/\/www.w3.org\/2000\/svg\" viewBox=\"0 0 18 32\"><path fill=\"#3b5998\" d=\"M17.1 0.2v4.7h-2.8q-1.5 0-2.1 0.6t-0.5 1.9v3.4h5.2l-0.7 5.3h-4.5v13.6h-5.5v-13.6h-4.5v-5.3h4.5v-3.9q0-3.3 1.9-5.2t5-1.8q2.6 0 4.1 0.2z\"\/><\/svg><\/span><span data-service=\"facebook\" style=\"color:#3b5998\" class=\"shariff-count shariff-hidezero\"><\/span>&nbsp;<\/a><\/li><li class=\"shariff-button twitter shariff-nocustomcolor\" style=\"background-color:#595959\"><a href=\"https:\/\/twitter.com\/share?url=https%3A%2F%2Frestgeraeusche.de%2F%3Fp%3D2013&text=rest%2Fger%C3%A4usche%2039%20%E2%80%93%2002.%20Dezember%202025%20%2820-22%20Uhr%29\" title=\"Bei X teilen\" aria-label=\"Bei X teilen\" role=\"button\" rel=\"noopener nofollow\" class=\"shariff-link\" style=\"; background-color:#000; color:#fff\" target=\"_blank\"><span class=\"shariff-icon\" style=\"\"><svg width=\"32px\" height=\"20px\" xmlns=\"http:\/\/www.w3.org\/2000\/svg\" viewBox=\"0 0 24 24\"><path fill=\"#000\" d=\"M14.258 10.152L23.176 0h-2.113l-7.747 8.813L7.133 0H0l9.352 13.328L0 23.973h2.113l8.176-9.309 6.531 9.309h7.133zm-2.895 3.293l-.949-1.328L2.875 1.56h3.246l6.086 8.523.945 1.328 7.91 11.078h-3.246zm0 0\"\/><\/svg><\/span><\/a><\/li><li class=\"shariff-button info shariff-nocustomcolor\" style=\"background-color:#eee\"><a href=\"http:\/\/ct.de\/-2467514\" title=\"Weitere Informationen\" aria-label=\"Weitere Informationen\" role=\"button\" rel=\"noopener \" class=\"shariff-link\" style=\"; background-color:#fff; color:#fff\" target=\"_blank\"><span class=\"shariff-icon\" style=\"\"><svg width=\"32px\" height=\"20px\" xmlns=\"http:\/\/www.w3.org\/2000\/svg\" viewBox=\"0 0 11 32\"><path fill=\"#999\" d=\"M11.4 24v2.3q0 0.5-0.3 0.8t-0.8 0.4h-9.1q-0.5 0-0.8-0.4t-0.4-0.8v-2.3q0-0.5 0.4-0.8t0.8-0.4h1.1v-6.8h-1.1q-0.5 0-0.8-0.4t-0.4-0.8v-2.3q0-0.5 0.4-0.8t0.8-0.4h6.8q0.5 0 0.8 0.4t0.4 0.8v10.3h1.1q0.5 0 0.8 0.4t0.3 0.8zM9.2 3.4v3.4q0 0.5-0.4 0.8t-0.8 0.4h-4.6q-0.4 0-0.8-0.4t-0.4-0.8v-3.4q0-0.4 0.4-0.8t0.8-0.4h4.6q0.5 0 0.8 0.4t0.4 0.8z\"\/><\/svg><\/span><\/a><\/li><\/ul><\/div>","protected":false},"excerpt":{"rendered":"<p>Neuer Wochentag und neue Sendestunde. Aber sonst bleibt alles gleich. Auch die neununddrei\u00dfigste Ausgabe der Sendereihe \u00bbrest\/ger\u00e4usche\u00ab wird den elektronischen Klangaspakten breiten Raum geben, nat\u00fcrlich wie immer mit dem Blick in alle Himmelsrichtungen der Musik.Im Mittelpunkt steht diesmal das Projekt \u00bbPianeti Sintetici\u00ab mit dem St\u00fcck \u00bbSpace Opera\u00ab. Ein Konzeptprojekt von Perrone, welcher vom Film \u00bbPer&#8230; <a class=\"moretag\" href=\"https:\/\/restgeraeusche.de\/?p=2013\">Weiter lesen &raquo;<\/a><\/p>\n","protected":false},"author":1,"featured_media":0,"comment_status":"open","ping_status":"open","sticky":false,"template":"","format":"standard","meta":{"footnotes":""},"categories":[11,12,15],"tags":[],"class_list":["post-2013","post","type-post","status-publish","format-standard","hentry","category-blog","category-news","category-sendungen"],"_links":{"self":[{"href":"https:\/\/restgeraeusche.de\/index.php?rest_route=\/wp\/v2\/posts\/2013","targetHints":{"allow":["GET"]}}],"collection":[{"href":"https:\/\/restgeraeusche.de\/index.php?rest_route=\/wp\/v2\/posts"}],"about":[{"href":"https:\/\/restgeraeusche.de\/index.php?rest_route=\/wp\/v2\/types\/post"}],"author":[{"embeddable":true,"href":"https:\/\/restgeraeusche.de\/index.php?rest_route=\/wp\/v2\/users\/1"}],"replies":[{"embeddable":true,"href":"https:\/\/restgeraeusche.de\/index.php?rest_route=%2Fwp%2Fv2%2Fcomments&post=2013"}],"version-history":[{"count":6,"href":"https:\/\/restgeraeusche.de\/index.php?rest_route=\/wp\/v2\/posts\/2013\/revisions"}],"predecessor-version":[{"id":2022,"href":"https:\/\/restgeraeusche.de\/index.php?rest_route=\/wp\/v2\/posts\/2013\/revisions\/2022"}],"wp:attachment":[{"href":"https:\/\/restgeraeusche.de\/index.php?rest_route=%2Fwp%2Fv2%2Fmedia&parent=2013"}],"wp:term":[{"taxonomy":"category","embeddable":true,"href":"https:\/\/restgeraeusche.de\/index.php?rest_route=%2Fwp%2Fv2%2Fcategories&post=2013"},{"taxonomy":"post_tag","embeddable":true,"href":"https:\/\/restgeraeusche.de\/index.php?rest_route=%2Fwp%2Fv2%2Ftags&post=2013"}],"curies":[{"name":"wp","href":"https:\/\/api.w.org\/{rel}","templated":true}]}}