{"id":2227,"date":"2026-08-31T09:57:24","date_gmt":"2026-08-31T07:57:24","guid":{"rendered":"https:\/\/restgeraeusche.de\/?p=2227"},"modified":"2026-08-31T09:58:23","modified_gmt":"2026-08-31T07:58:23","slug":"rest-geraeusche-46-01-september-2026-20-22-uhr","status":"publish","type":"post","link":"https:\/\/restgeraeusche.de\/?p=2227","title":{"rendered":"rest\/ger\u00e4usche 46 \u2013 01. September 2026 (20-22 Uhr)"},"content":{"rendered":"<div id=\"attachment_2229\" style=\"width: 310px\" class=\"wp-caption alignleft\"><img loading=\"lazy\" decoding=\"async\" aria-describedby=\"caption-attachment-2229\" class=\"wp-image-2229 size-medium\" src=\"https:\/\/restgeraeusche.de\/wp-content\/uploads\/2026\/08\/Sciama-300x225.jpg\" alt=\"\" width=\"300\" height=\"225\" srcset=\"https:\/\/restgeraeusche.de\/wp-content\/uploads\/2026\/08\/Sciama-300x225.jpg 300w, https:\/\/restgeraeusche.de\/wp-content\/uploads\/2026\/08\/Sciama.jpg 599w\" sizes=\"auto, (max-width: 300px) 100vw, 300px\" \/><p id=\"caption-attachment-2229\" class=\"wp-caption-text\"><span style=\"font-family: arial, helvetica, sans-serif; font-size: 10pt;\">&#8222;Sciama&#8220; aka Michael Waters<\/span><\/p><\/div>\n<p style=\"text-align: justify;\"><span style=\"font-size: 10pt; font-family: arial, helvetica, sans-serif;\">Nachdem die 46. Ausgabe der Sendereihe &#8222;rest\/ger\u00e4usche&#8220; aufgrund eines technischen Problems &#8211; das ich zu verantworten habe &#8211; ausgefallen ist (n\u00e4heres k\u00f6nnt ihr im vorherigen Posting nachlesen) &#8211; hier nun die zeitversetzte Ausstrahlung. Da das Intro und Outro zu jeder Sendung immer im Vorgang aufgezeichnet wird &#8211; das hat organisatorische Gr\u00fcnde &#8211; sind nat\u00fcrlich die alten Wiederholungsdaten im August angegeben. Diese befinden sich nat\u00fcrlich nun im September und zwar am<strong> 08. September 2026 ab 10 Uhr vormittags<\/strong>. Auch ist die Angabe der n\u00e4chsten Sendung im September nat\u00fcrlich obsolet, die ist ja nun &#8211; mit der <strong>47. Ausgabe &#8211; am 06. Oktober 2026<\/strong>. Zu Beginn der Sendung werde ich das auch noch mal kundtun. Genug des Textes, was euch musikalisch erwartet dann m\u00fcndlich im Prolog der Sendung und hier im Bild. Denn er ist einer der Protagonisten in der Sendung.<\/span><\/p>\n<div class=\"shariff shariff-align-left shariff-widget-align-left\" data-services=\"facebook\" data-url=\"https:\/\/restgeraeusche.de\/?p=2227\" data-timestamp=\"1788170303\" data-hidezero=\"1\" data-backendurl=\"?rest_route=\/shariff\/v1\/share_counts&\"><ul class=\"shariff-buttons theme-round orientation-horizontal buttonsize-medium\"><li class=\"shariff-button facebook shariff-nocustomcolor\" style=\"background-color:#4273c8\"><a href=\"https:\/\/www.facebook.com\/sharer\/sharer.php?u=https%3A%2F%2Frestgeraeusche.de%2F%3Fp%3D2227\" title=\"Bei Facebook teilen\" aria-label=\"Bei Facebook teilen\" role=\"button\" rel=\"nofollow\" class=\"shariff-link\" style=\"; background-color:#3b5998; color:#fff\" target=\"_blank\"><span class=\"shariff-icon\" style=\"\"><svg width=\"32px\" height=\"20px\" xmlns=\"http:\/\/www.w3.org\/2000\/svg\" viewBox=\"0 0 18 32\"><path fill=\"#3b5998\" d=\"M17.1 0.2v4.7h-2.8q-1.5 0-2.1 0.6t-0.5 1.9v3.4h5.2l-0.7 5.3h-4.5v13.6h-5.5v-13.6h-4.5v-5.3h4.5v-3.9q0-3.3 1.9-5.2t5-1.8q2.6 0 4.1 0.2z\"\/><\/svg><\/span><span data-service=\"facebook\" style=\"color:#3b5998\" class=\"shariff-count shariff-hidezero\"><\/span>&nbsp;<\/a><\/li><li class=\"shariff-button twitter shariff-nocustomcolor\" style=\"background-color:#595959\"><a href=\"https:\/\/twitter.com\/share?url=https%3A%2F%2Frestgeraeusche.de%2F%3Fp%3D2227&text=rest%2Fger%C3%A4usche%2046%20%E2%80%93%2001.%20September%202026%20%2820-22%20Uhr%29\" title=\"Bei X teilen\" aria-label=\"Bei X teilen\" role=\"button\" rel=\"noopener nofollow\" class=\"shariff-link\" style=\"; background-color:#000; color:#fff\" target=\"_blank\"><span class=\"shariff-icon\" style=\"\"><svg width=\"32px\" height=\"20px\" xmlns=\"http:\/\/www.w3.org\/2000\/svg\" viewBox=\"0 0 24 24\"><path fill=\"#000\" d=\"M14.258 10.152L23.176 0h-2.113l-7.747 8.813L7.133 0H0l9.352 13.328L0 23.973h2.113l8.176-9.309 6.531 9.309h7.133zm-2.895 3.293l-.949-1.328L2.875 1.56h3.246l6.086 8.523.945 1.328 7.91 11.078h-3.246zm0 0\"\/><\/svg><\/span><\/a><\/li><li class=\"shariff-button info shariff-nocustomcolor\" style=\"background-color:#eee\"><a href=\"http:\/\/ct.de\/-2467514\" title=\"Weitere Informationen\" aria-label=\"Weitere Informationen\" role=\"button\" rel=\"noopener \" class=\"shariff-link\" style=\"; background-color:#fff; color:#fff\" target=\"_blank\"><span class=\"shariff-icon\" style=\"\"><svg width=\"32px\" height=\"20px\" xmlns=\"http:\/\/www.w3.org\/2000\/svg\" viewBox=\"0 0 11 32\"><path fill=\"#999\" d=\"M11.4 24v2.3q0 0.5-0.3 0.8t-0.8 0.4h-9.1q-0.5 0-0.8-0.4t-0.4-0.8v-2.3q0-0.5 0.4-0.8t0.8-0.4h1.1v-6.8h-1.1q-0.5 0-0.8-0.4t-0.4-0.8v-2.3q0-0.5 0.4-0.8t0.8-0.4h6.8q0.5 0 0.8 0.4t0.4 0.8v10.3h1.1q0.5 0 0.8 0.4t0.3 0.8zM9.2 3.4v3.4q0 0.5-0.4 0.8t-0.8 0.4h-4.6q-0.4 0-0.8-0.4t-0.4-0.8v-3.4q0-0.4 0.4-0.8t0.8-0.4h4.6q0.5 0 0.8 0.4t0.4 0.8z\"\/><\/svg><\/span><\/a><\/li><\/ul><\/div>","protected":false},"excerpt":{"rendered":"<p>Nachdem die 46. Ausgabe der Sendereihe &#8222;rest\/ger\u00e4usche&#8220; aufgrund eines technischen Problems &#8211; das ich zu verantworten habe &#8211; ausgefallen ist (n\u00e4heres k\u00f6nnt ihr im vorherigen Posting nachlesen) &#8211; hier nun die zeitversetzte Ausstrahlung. Da das Intro und Outro zu jeder Sendung immer im Vorgang aufgezeichnet wird &#8211; das hat organisatorische Gr\u00fcnde &#8211; sind nat\u00fcrlich die&#8230; <a class=\"moretag\" href=\"https:\/\/restgeraeusche.de\/?p=2227\">Weiter lesen &raquo;<\/a><\/p>\n","protected":false},"author":1,"featured_media":0,"comment_status":"open","ping_status":"open","sticky":false,"template":"","format":"standard","meta":{"footnotes":""},"categories":[11,12,15],"tags":[],"class_list":["post-2227","post","type-post","status-publish","format-standard","hentry","category-blog","category-news","category-sendungen"],"_links":{"self":[{"href":"https:\/\/restgeraeusche.de\/index.php?rest_route=\/wp\/v2\/posts\/2227","targetHints":{"allow":["GET"]}}],"collection":[{"href":"https:\/\/restgeraeusche.de\/index.php?rest_route=\/wp\/v2\/posts"}],"about":[{"href":"https:\/\/restgeraeusche.de\/index.php?rest_route=\/wp\/v2\/types\/post"}],"author":[{"embeddable":true,"href":"https:\/\/restgeraeusche.de\/index.php?rest_route=\/wp\/v2\/users\/1"}],"replies":[{"embeddable":true,"href":"https:\/\/restgeraeusche.de\/index.php?rest_route=%2Fwp%2Fv2%2Fcomments&post=2227"}],"version-history":[{"count":6,"href":"https:\/\/restgeraeusche.de\/index.php?rest_route=\/wp\/v2\/posts\/2227\/revisions"}],"predecessor-version":[{"id":2234,"href":"https:\/\/restgeraeusche.de\/index.php?rest_route=\/wp\/v2\/posts\/2227\/revisions\/2234"}],"wp:attachment":[{"href":"https:\/\/restgeraeusche.de\/index.php?rest_route=%2Fwp%2Fv2%2Fmedia&parent=2227"}],"wp:term":[{"taxonomy":"category","embeddable":true,"href":"https:\/\/restgeraeusche.de\/index.php?rest_route=%2Fwp%2Fv2%2Fcategories&post=2227"},{"taxonomy":"post_tag","embeddable":true,"href":"https:\/\/restgeraeusche.de\/index.php?rest_route=%2Fwp%2Fv2%2Ftags&post=2227"}],"curies":[{"name":"wp","href":"https:\/\/api.w.org\/{rel}","templated":true}]}}