{"id":647,"date":"2022-01-17T21:24:29","date_gmt":"2022-01-17T19:24:29","guid":{"rendered":"https:\/\/restgeraeusche.de\/?p=647"},"modified":"2023-01-22T11:44:44","modified_gmt":"2023-01-22T09:44:44","slug":"tv-musical-vibrations-ein-sound-veraendert-die-welt-arte","status":"publish","type":"post","link":"https:\/\/restgeraeusche.de\/?p=647","title":{"rendered":"TV: Musical Vibrations &#8211; Ein Sound ver\u00e4ndert die Welt (arte)"},"content":{"rendered":"<p style=\"text-align: justify;\"><span style=\"font-family: arial, helvetica, sans-serif; font-size: 10pt;\">Dann und wann werde ich hier auch (aktuelle) Doku-Tipps geben. Vornehmlich aus dem Bereich der elektronischen Musik. Auf \u00bbarte\u00ab, dem deutsch-franz\u00f6sischen Kulturkanal, wird die o.g. Dokumentation als Erstausstrahlung am Freitag, den 18. Februar 2022 ab 22:40 Uhr ausgestrahlt. Aus dem Pressetext:<\/span><\/p>\n<blockquote><p><span style=\"font-family: arial, helvetica, sans-serif; font-size: 10pt;\">Ob Techno oder Hip-Hop \u2013 elektronische Musik ist heute die treibende Kraft der Popkultur. Fast vergessen ist jedoch, dass ihre Urspr\u00fcnge eng verbunden mit der klassischen Avantgarde in winzigen Studios in Paris und K\u00f6ln liegen. Diese Dokumentation zeichnet diesen einzigartigen Br\u00fcckenschlag zwischen Avantgarde und Pop mit exklusiven Interviews und zum Teil nie gesehenem Archivmaterial nach, unter anderem mit Mitgliedern von Tangerine Dream, Kraftwerk, Mouse on Mars sowie Jean-Michel Jarre und der Elektronik-Pionierin Eliane Radigue. (arte | presse)<\/span><\/p><\/blockquote>\n<p style=\"text-align: justify;\"><span style=\"font-family: arial, helvetica, sans-serif; font-size: 10pt;\">Regisseur ist Thomas von Steinaecker, der eine langw\u00e4hrende Freundschaft mit Karlheinz Stockhausen &#8211; einem der Pioniere des elektronischen Musik &#8211; innehatte. Die Dokumentation ist auch Online (vom 18. Febraur 2022 bis 19. M\u00e4rz 2022) verf\u00fcgbar. <del>Mehr Informationen findest du <a href=\"https:\/\/www.arte.tv\/sites\/presse\/programm\/2022-02-18\/098798-000-A\/\" target=\"_blank\" rel=\"noopener\">hier<\/a><\/del>. <em>(Seite nicht mehr vorhanden, 19.09.2022)<\/em><\/span><\/p>\n<div class=\"shariff shariff-align-left shariff-widget-align-left\" data-services=\"facebook\" data-url=\"https:\/\/restgeraeusche.de\/?p=647\" data-timestamp=\"1674387884\" data-hidezero=\"1\" data-backendurl=\"?rest_route=\/shariff\/v1\/share_counts&\"><ul class=\"shariff-buttons theme-round orientation-horizontal buttonsize-medium\"><li class=\"shariff-button facebook shariff-nocustomcolor\" style=\"background-color:#4273c8\"><a href=\"https:\/\/www.facebook.com\/sharer\/sharer.php?u=https%3A%2F%2Frestgeraeusche.de%2F%3Fp%3D647\" title=\"Bei Facebook teilen\" aria-label=\"Bei Facebook teilen\" role=\"button\" rel=\"nofollow\" class=\"shariff-link\" style=\"; background-color:#3b5998; color:#fff\" target=\"_blank\"><span class=\"shariff-icon\" style=\"\"><svg width=\"32px\" height=\"20px\" xmlns=\"http:\/\/www.w3.org\/2000\/svg\" viewBox=\"0 0 18 32\"><path fill=\"#3b5998\" d=\"M17.1 0.2v4.7h-2.8q-1.5 0-2.1 0.6t-0.5 1.9v3.4h5.2l-0.7 5.3h-4.5v13.6h-5.5v-13.6h-4.5v-5.3h4.5v-3.9q0-3.3 1.9-5.2t5-1.8q2.6 0 4.1 0.2z\"\/><\/svg><\/span><span data-service=\"facebook\" style=\"color:#3b5998\" class=\"shariff-count shariff-hidezero\"><\/span>&nbsp;<\/a><\/li><li class=\"shariff-button twitter shariff-nocustomcolor\" style=\"background-color:#595959\"><a href=\"https:\/\/twitter.com\/share?url=https%3A%2F%2Frestgeraeusche.de%2F%3Fp%3D647&text=TV%3A%20Musical%20Vibrations%20%E2%80%93%20Ein%20Sound%20ver%C3%A4ndert%20die%20Welt%20%28arte%29\" title=\"Bei X teilen\" aria-label=\"Bei X teilen\" role=\"button\" rel=\"noopener nofollow\" class=\"shariff-link\" style=\"; background-color:#000; color:#fff\" target=\"_blank\"><span class=\"shariff-icon\" style=\"\"><svg width=\"32px\" height=\"20px\" xmlns=\"http:\/\/www.w3.org\/2000\/svg\" viewBox=\"0 0 24 24\"><path fill=\"#000\" d=\"M14.258 10.152L23.176 0h-2.113l-7.747 8.813L7.133 0H0l9.352 13.328L0 23.973h2.113l8.176-9.309 6.531 9.309h7.133zm-2.895 3.293l-.949-1.328L2.875 1.56h3.246l6.086 8.523.945 1.328 7.91 11.078h-3.246zm0 0\"\/><\/svg><\/span><\/a><\/li><li class=\"shariff-button info shariff-nocustomcolor\" style=\"background-color:#eee\"><a href=\"http:\/\/ct.de\/-2467514\" title=\"Weitere Informationen\" aria-label=\"Weitere Informationen\" role=\"button\" rel=\"noopener \" class=\"shariff-link\" style=\"; background-color:#fff; color:#fff\" target=\"_blank\"><span class=\"shariff-icon\" style=\"\"><svg width=\"32px\" height=\"20px\" xmlns=\"http:\/\/www.w3.org\/2000\/svg\" viewBox=\"0 0 11 32\"><path fill=\"#999\" d=\"M11.4 24v2.3q0 0.5-0.3 0.8t-0.8 0.4h-9.1q-0.5 0-0.8-0.4t-0.4-0.8v-2.3q0-0.5 0.4-0.8t0.8-0.4h1.1v-6.8h-1.1q-0.5 0-0.8-0.4t-0.4-0.8v-2.3q0-0.5 0.4-0.8t0.8-0.4h6.8q0.5 0 0.8 0.4t0.4 0.8v10.3h1.1q0.5 0 0.8 0.4t0.3 0.8zM9.2 3.4v3.4q0 0.5-0.4 0.8t-0.8 0.4h-4.6q-0.4 0-0.8-0.4t-0.4-0.8v-3.4q0-0.4 0.4-0.8t0.8-0.4h4.6q0.5 0 0.8 0.4t0.4 0.8z\"\/><\/svg><\/span><\/a><\/li><\/ul><\/div>","protected":false},"excerpt":{"rendered":"<p>Dann und wann werde ich hier auch (aktuelle) Doku-Tipps geben. Vornehmlich aus dem Bereich der elektronischen Musik. Auf \u00bbarte\u00ab, dem deutsch-franz\u00f6sischen Kulturkanal, wird die o.g. Dokumentation als Erstausstrahlung am Freitag, den 18. Februar 2022 ab 22:40 Uhr ausgestrahlt. Aus dem Pressetext: Ob Techno oder Hip-Hop \u2013 elektronische Musik ist heute die treibende Kraft der Popkultur&#8230;. <a class=\"moretag\" href=\"https:\/\/restgeraeusche.de\/?p=647\">Weiter lesen &raquo;<\/a><\/p>\n","protected":false},"author":1,"featured_media":0,"comment_status":"open","ping_status":"open","sticky":false,"template":"","format":"standard","meta":{"footnotes":""},"categories":[11,24,12],"tags":[],"class_list":["post-647","post","type-post","status-publish","format-standard","hentry","category-blog","category-dokumentation","category-news"],"_links":{"self":[{"href":"https:\/\/restgeraeusche.de\/index.php?rest_route=\/wp\/v2\/posts\/647","targetHints":{"allow":["GET"]}}],"collection":[{"href":"https:\/\/restgeraeusche.de\/index.php?rest_route=\/wp\/v2\/posts"}],"about":[{"href":"https:\/\/restgeraeusche.de\/index.php?rest_route=\/wp\/v2\/types\/post"}],"author":[{"embeddable":true,"href":"https:\/\/restgeraeusche.de\/index.php?rest_route=\/wp\/v2\/users\/1"}],"replies":[{"embeddable":true,"href":"https:\/\/restgeraeusche.de\/index.php?rest_route=%2Fwp%2Fv2%2Fcomments&post=647"}],"version-history":[{"count":11,"href":"https:\/\/restgeraeusche.de\/index.php?rest_route=\/wp\/v2\/posts\/647\/revisions"}],"predecessor-version":[{"id":1044,"href":"https:\/\/restgeraeusche.de\/index.php?rest_route=\/wp\/v2\/posts\/647\/revisions\/1044"}],"wp:attachment":[{"href":"https:\/\/restgeraeusche.de\/index.php?rest_route=%2Fwp%2Fv2%2Fmedia&parent=647"}],"wp:term":[{"taxonomy":"category","embeddable":true,"href":"https:\/\/restgeraeusche.de\/index.php?rest_route=%2Fwp%2Fv2%2Fcategories&post=647"},{"taxonomy":"post_tag","embeddable":true,"href":"https:\/\/restgeraeusche.de\/index.php?rest_route=%2Fwp%2Fv2%2Ftags&post=647"}],"curies":[{"name":"wp","href":"https:\/\/api.w.org\/{rel}","templated":true}]}}