{"id":705,"date":"2022-04-13T18:46:29","date_gmt":"2022-04-13T16:46:29","guid":{"rendered":"https:\/\/restgeraeusche.de\/?p=705"},"modified":"2023-01-22T11:43:04","modified_gmt":"2023-01-22T09:43:04","slug":"erste-sendung-am-2-mai-2022-22-24-uhr","status":"publish","type":"post","link":"https:\/\/restgeraeusche.de\/?p=705","title":{"rendered":"Erste Sendung am 2. Mai 2022, 22-24 Uhr"},"content":{"rendered":"<p><img loading=\"lazy\" decoding=\"async\" class=\"alignnone size-full wp-image-707 alignleft\" src=\"https:\/\/restgeraeusche.de\/wp-content\/uploads\/2022\/04\/Audacity.jpg\" alt=\"\" width=\"300\" height=\"162\" \/><span style=\"font-family: arial, helvetica, sans-serif; font-size: 10pt;\">Hier nun die ersten drei Termine:<\/span><\/p>\n<p><span style=\"font-family: arial, helvetica, sans-serif; font-size: 10pt;\">Mo., 02. Mai 2022<\/span><br \/>\n<span style=\"font-family: arial, helvetica, sans-serif; font-size: 10pt;\">Mo., 06. Juni 2022<\/span><br \/>\n<span style=\"font-family: arial, helvetica, sans-serif; font-size: 10pt;\">Mo., 04. Juli 2022<\/span><\/p>\n<p style=\"text-align: justify;\"><span style=\"font-family: arial, helvetica, sans-serif; font-size: 10pt;\">jeweils von 22-24 Uhr. Wer nicht im Einzugsbereich von Marburg\/Lahn wohnt kann alles \u00fcber den <a href=\"http:\/\/stream.radio-rum.de:8000\/rum.mp3.m3u\" target=\"_blank\" rel=\"noopener\">Stream<\/a> h\u00f6ren. Die erste Sendung ist der Pilot. In dieser wirst du ein (Musik)-Bouquet quer durch den elektronischen Garten pr\u00e4sentiert bekommen. So erh\u00e4ltst du einen kleinen Einblick \u00fcber das, was dich in Zukunft erwarten wird. Kurz vor der Sendung werden hier noch letzte Infos gepostet, falls Relevanz. Andernfalls h\u00f6rt man sich am hoffentlich am 02. Mai 2022. Und denkt daran, es ist die erste Sendung &#8211; sollte mal was schieflaufen. Einfach l\u00e4cheln! Es reicht wenn einer irgendwo mit rotem Kopf rotiert&#8230; \ud83d\ude00<\/span><\/p>\n<p><span style=\"font-family: arial, helvetica, sans-serif; font-size: 10pt;\">BTW: Nach der dritten Sendung wird erst mal ein Resum\u00e9e gezogen. Wenn alles gut gelaufen ist hoffe ich, dass die Sendung eine feste Institution im Programm wird.<\/span><\/p>\n<p><span style=\"font-family: arial, helvetica, sans-serif; font-size: 10pt;\">Mehr \u00fcber Radio Unerh\u00f6rt Marburg erf\u00e4hrst du <a href=\"https:\/\/www.radio-rum.de\/blog\/\" target=\"_blank\" rel=\"noopener\">hier<\/a>.<\/span><\/p>\n<div class=\"shariff shariff-align-left shariff-widget-align-left\" data-services=\"facebook\" data-url=\"https:\/\/restgeraeusche.de\/?p=705\" data-timestamp=\"1674387784\" data-hidezero=\"1\" data-backendurl=\"?rest_route=\/shariff\/v1\/share_counts&\"><ul class=\"shariff-buttons theme-round orientation-horizontal buttonsize-medium\"><li class=\"shariff-button facebook shariff-nocustomcolor\" style=\"background-color:#4273c8\"><a href=\"https:\/\/www.facebook.com\/sharer\/sharer.php?u=https%3A%2F%2Frestgeraeusche.de%2F%3Fp%3D705\" title=\"Bei Facebook teilen\" aria-label=\"Bei Facebook teilen\" role=\"button\" rel=\"nofollow\" class=\"shariff-link\" style=\"; background-color:#3b5998; color:#fff\" target=\"_blank\"><span class=\"shariff-icon\" style=\"\"><svg width=\"32px\" height=\"20px\" xmlns=\"http:\/\/www.w3.org\/2000\/svg\" viewBox=\"0 0 18 32\"><path fill=\"#3b5998\" d=\"M17.1 0.2v4.7h-2.8q-1.5 0-2.1 0.6t-0.5 1.9v3.4h5.2l-0.7 5.3h-4.5v13.6h-5.5v-13.6h-4.5v-5.3h4.5v-3.9q0-3.3 1.9-5.2t5-1.8q2.6 0 4.1 0.2z\"\/><\/svg><\/span><span data-service=\"facebook\" style=\"color:#3b5998\" class=\"shariff-count shariff-hidezero\"><\/span>&nbsp;<\/a><\/li><li class=\"shariff-button twitter shariff-nocustomcolor\" style=\"background-color:#595959\"><a href=\"https:\/\/twitter.com\/share?url=https%3A%2F%2Frestgeraeusche.de%2F%3Fp%3D705&text=Erste%20Sendung%20am%202.%20Mai%202022%2C%2022-24%20Uhr\" title=\"Bei X teilen\" aria-label=\"Bei X teilen\" role=\"button\" rel=\"noopener nofollow\" class=\"shariff-link\" style=\"; background-color:#000; color:#fff\" target=\"_blank\"><span class=\"shariff-icon\" style=\"\"><svg width=\"32px\" height=\"20px\" xmlns=\"http:\/\/www.w3.org\/2000\/svg\" viewBox=\"0 0 24 24\"><path fill=\"#000\" d=\"M14.258 10.152L23.176 0h-2.113l-7.747 8.813L7.133 0H0l9.352 13.328L0 23.973h2.113l8.176-9.309 6.531 9.309h7.133zm-2.895 3.293l-.949-1.328L2.875 1.56h3.246l6.086 8.523.945 1.328 7.91 11.078h-3.246zm0 0\"\/><\/svg><\/span><\/a><\/li><li class=\"shariff-button info shariff-nocustomcolor\" style=\"background-color:#eee\"><a href=\"http:\/\/ct.de\/-2467514\" title=\"Weitere Informationen\" aria-label=\"Weitere Informationen\" role=\"button\" rel=\"noopener \" class=\"shariff-link\" style=\"; background-color:#fff; color:#fff\" target=\"_blank\"><span class=\"shariff-icon\" style=\"\"><svg width=\"32px\" height=\"20px\" xmlns=\"http:\/\/www.w3.org\/2000\/svg\" viewBox=\"0 0 11 32\"><path fill=\"#999\" d=\"M11.4 24v2.3q0 0.5-0.3 0.8t-0.8 0.4h-9.1q-0.5 0-0.8-0.4t-0.4-0.8v-2.3q0-0.5 0.4-0.8t0.8-0.4h1.1v-6.8h-1.1q-0.5 0-0.8-0.4t-0.4-0.8v-2.3q0-0.5 0.4-0.8t0.8-0.4h6.8q0.5 0 0.8 0.4t0.4 0.8v10.3h1.1q0.5 0 0.8 0.4t0.3 0.8zM9.2 3.4v3.4q0 0.5-0.4 0.8t-0.8 0.4h-4.6q-0.4 0-0.8-0.4t-0.4-0.8v-3.4q0-0.4 0.4-0.8t0.8-0.4h4.6q0.5 0 0.8 0.4t0.4 0.8z\"\/><\/svg><\/span><\/a><\/li><\/ul><\/div>","protected":false},"excerpt":{"rendered":"<p>Hier nun die ersten drei Termine: Mo., 02. Mai 2022 Mo., 06. Juni 2022 Mo., 04. Juli 2022 jeweils von 22-24 Uhr. Wer nicht im Einzugsbereich von Marburg\/Lahn wohnt kann alles \u00fcber den Stream h\u00f6ren. Die erste Sendung ist der Pilot. In dieser wirst du ein (Musik)-Bouquet quer durch den elektronischen Garten pr\u00e4sentiert bekommen. So&#8230; <a class=\"moretag\" href=\"https:\/\/restgeraeusche.de\/?p=705\">Weiter lesen &raquo;<\/a><\/p>\n","protected":false},"author":1,"featured_media":0,"comment_status":"open","ping_status":"open","sticky":false,"template":"","format":"standard","meta":{"footnotes":""},"categories":[11,12,15],"tags":[],"class_list":["post-705","post","type-post","status-publish","format-standard","hentry","category-blog","category-news","category-sendungen"],"_links":{"self":[{"href":"https:\/\/restgeraeusche.de\/index.php?rest_route=\/wp\/v2\/posts\/705","targetHints":{"allow":["GET"]}}],"collection":[{"href":"https:\/\/restgeraeusche.de\/index.php?rest_route=\/wp\/v2\/posts"}],"about":[{"href":"https:\/\/restgeraeusche.de\/index.php?rest_route=\/wp\/v2\/types\/post"}],"author":[{"embeddable":true,"href":"https:\/\/restgeraeusche.de\/index.php?rest_route=\/wp\/v2\/users\/1"}],"replies":[{"embeddable":true,"href":"https:\/\/restgeraeusche.de\/index.php?rest_route=%2Fwp%2Fv2%2Fcomments&post=705"}],"version-history":[{"count":15,"href":"https:\/\/restgeraeusche.de\/index.php?rest_route=\/wp\/v2\/posts\/705\/revisions"}],"predecessor-version":[{"id":1040,"href":"https:\/\/restgeraeusche.de\/index.php?rest_route=\/wp\/v2\/posts\/705\/revisions\/1040"}],"wp:attachment":[{"href":"https:\/\/restgeraeusche.de\/index.php?rest_route=%2Fwp%2Fv2%2Fmedia&parent=705"}],"wp:term":[{"taxonomy":"category","embeddable":true,"href":"https:\/\/restgeraeusche.de\/index.php?rest_route=%2Fwp%2Fv2%2Fcategories&post=705"},{"taxonomy":"post_tag","embeddable":true,"href":"https:\/\/restgeraeusche.de\/index.php?rest_route=%2Fwp%2Fv2%2Ftags&post=705"}],"curies":[{"name":"wp","href":"https:\/\/api.w.org\/{rel}","templated":true}]}}